{"id":157,"date":"2010-03-02T09:13:16","date_gmt":"2010-03-02T08:13:16","guid":{"rendered":"https:\/\/www.scrummanager.com\/blog\/?p=157"},"modified":"2022-11-06T10:10:22","modified_gmt":"2022-11-06T09:10:22","slug":"ya-esta-en-marcha-la-comunidad-y-ahora-que","status":"publish","type":"post","link":"https:\/\/www.scrummanager.com\/blog\/2010\/03\/ya-esta-en-marcha-la-comunidad-y-ahora-que\/","title":{"rendered":"Ya est\u00e1 en marcha la comunidad&#8230; \u00bfy ahora que?"},"content":{"rendered":"<p>En este segundo podcast sobre comunidades \u00e1giles hispanas, los promotores de las principales comunidades de <a href=\"http:\/\/groups.google.com\/group\/cragile?pli=1\">Costa Rica<\/a>, <a href=\"http:\/\/www.agiles.org\/argentina\">Argentina<\/a>,\u00a0 <a href=\"http:\/\/www.agile-spain.com\/\">Espa\u00f1a<\/a> y el grupo local de <a href=\"http:\/\/groups.google.es\/group\/agile-cyl\">Castilla-Le\u00f3n<\/a>, charlan de las actividades que realizan y c\u00f3mo las llevan a cabo.<\/p>\n<p>No hemos podido contar con <a href=\"http:\/\/www.chileagil.cl\/\">Agust\u00edn Villena<\/a>, por el horrible terremoto que ha asolado a Chile, y desde aqu\u00ed le enviamos un afectuoso abrazo; y un problema de conexi\u00f3n tampoco nos permiti\u00f3 contar con <a href=\"http:\/\/www.elraul.com\/\">Ra\u00fal Uribe<\/a> (Per\u00fa), pero sin duda en el pr\u00f3ximo ya podremos disfrutar de su participaci\u00f3n.<\/p>\n<p>Presentado por <a href=\"http:\/\/www.horusms.com\/\">Claudia Ruata<\/a>, participan: <a href=\"http:\/\/agilenature.com\/\">David Alfaro<\/a>, <a href=\"http:\/\/www.softwareagil.blogspot.com\/\">Juan Gabardini<\/a>, <a href=\"http:\/\/www.cyment.com\/\">Alan Cyment<\/a>, <a href=\"http:\/\/jmbeas.iexpertos.com\/\">JM Beas<\/a> y <a href=\"http:\/\/azucarenlasvenas.blogspot.com\/\">Jorge Jim\u00e9nez<\/a>.<\/p>\n<p><iframe id=\"audio_223975\" style=\"width: 100%;\" src=\"https:\/\/www.ivoox.com\/player_ej_223975_6_1.html\" height=\"200\" frameborder=\"0\" scrolling=\"no\" allowfullscreen=\"allowfullscreen\"><\/iframe><\/p>\n<p style=\"text-align: center;\"><a style=\"font-size: 12px; color: #333333; position: relative; bottom: 4px;\" title=\"Ya est\u00e1 en marcha la comunidad \u00e1gil... \u00bfy ahora qu\u00e9?\" href=\"http:\/\/www.ivoox.com\/ya-esta-marcha-comunidad-agil-y-audios-mp3_rf_223975_1.html\">\u00a0Ir a descargar<\/a><\/p>\n<p>M\u00e1s informaci\u00f3n:<\/p>\n<ul>\n<li>Agile Spain: <a href=\"http:\/\/www.agile-spain.com\/\">Web<\/a> \u2013 <a href=\"http:\/\/groups.google.es\/group\/agile-spain\">Grupo<\/a><\/li>\n<li>Chile \u00c1gil: <a href=\"http:\/\/www.chileagil.cl\/\">Web<\/a> \u2013 <a href=\"http:\/\/groups.google.com\/group\/chileagil\">Grupo<\/a><\/li>\n<li>Comunidad Argentina: <a href=\"http:\/\/www.agiles.org\/argentina\">Web<\/a> \u2013 <a href=\"http:\/\/tech.groups.yahoo.com\/group\/foro-agiles\/\">Grupo<\/a><\/li>\n<li>Costa Rica \u00c1gil: <a href=\"http:\/\/agil.cr\/\">Web (proximamente)<\/a> \u2013 <a href=\"http:\/\/groups.google.com\/group\/cragile\">Grupo<\/a><\/li>\n<li><a href=\"http:\/\/groups.google.es\/group\/agile-cyl\">Comunidad \u00e1gil de Castilla-Le\u00f3n<\/a>.<\/li>\n<li><a href=\"http:\/\/agilismo.es\/\">Agilismo.es<\/a>.<\/li>\n<\/ul>\n<!-- AddThis Advanced Settings generic via filter on the_content --><!-- AddThis Share Buttons generic via filter on the_content -->","protected":false},"excerpt":{"rendered":"<p>En este segundo podcast sobre comunidades \u00e1giles hispanas, los promotores de las principales comunidades de Costa Rica, Argentina,\u00a0 Espa\u00f1a y el grupo local de Castilla-Le\u00f3n, charlan de las actividades que realizan y c\u00f3mo las llevan [&hellip;]<\/p>\n","protected":false},"author":1,"featured_media":0,"comment_status":"closed","ping_status":"open","sticky":false,"template":"","format":"standard","meta":{"_monsterinsights_skip_tracking":false,"_monsterinsights_sitenote_active":false,"_monsterinsights_sitenote_note":"","_monsterinsights_sitenote_category":0,"footnotes":""},"categories":[37],"tags":[],"class_list":["post-157","post","type-post","status-publish","format-standard","hentry","category-news"],"yoast_head":"<!-- This site is optimized with the Yoast SEO plugin v27.5 - https:\/\/yoast.com\/product\/yoast-seo-wordpress\/ -->\n<title>Ya est\u00e1 en marcha la comunidad... \u00bfy ahora que? - Blog<\/title>\n<meta name=\"robots\" content=\"index, follow, max-snippet:-1, max-image-preview:large, max-video-preview:-1\" \/>\n<link rel=\"canonical\" href=\"https:\/\/www.scrummanager.com\/blog\/2010\/03\/ya-esta-en-marcha-la-comunidad-y-ahora-que\/\" \/>\n<meta property=\"og:locale\" content=\"es_ES\" \/>\n<meta property=\"og:type\" content=\"article\" \/>\n<meta property=\"og:title\" content=\"Ya est\u00e1 en marcha la comunidad... \u00bfy ahora que? - Blog\" \/>\n<meta property=\"og:description\" content=\"En este segundo podcast sobre comunidades \u00e1giles hispanas, los promotores de las principales comunidades de Costa Rica, Argentina,\u00a0 Espa\u00f1a y el grupo local de Castilla-Le\u00f3n, charlan de las actividades que realizan y c\u00f3mo las llevan [&hellip;]\" \/>\n<meta property=\"og:url\" content=\"https:\/\/www.scrummanager.com\/blog\/2010\/03\/ya-esta-en-marcha-la-comunidad-y-ahora-que\/\" \/>\n<meta property=\"og:site_name\" content=\"Blog\" \/>\n<meta property=\"article:publisher\" content=\"https:\/\/www.facebook.com\/pages\/Scrum-Manager\/144889095527292\" \/>\n<meta property=\"article:published_time\" content=\"2010-03-02T08:13:16+00:00\" \/>\n<meta property=\"article:modified_time\" content=\"2022-11-06T09:10:22+00:00\" \/>\n<meta name=\"author\" content=\"Scrum Manager\" \/>\n<meta name=\"twitter:card\" content=\"summary_large_image\" \/>\n<meta name=\"twitter:creator\" content=\"@ScrumManager\" \/>\n<meta name=\"twitter:site\" content=\"@ScrumManager\" \/>\n<meta name=\"twitter:label1\" content=\"Escrito por\" \/>\n\t<meta name=\"twitter:data1\" content=\"Scrum Manager\" \/>\n\t<meta name=\"twitter:label2\" content=\"Tiempo de lectura\" \/>\n\t<meta name=\"twitter:data2\" content=\"1 minuto\" \/>\n<script type=\"application\/ld+json\" class=\"yoast-schema-graph\">{\"@context\":\"https:\\\/\\\/schema.org\",\"@graph\":[{\"@type\":\"Article\",\"@id\":\"https:\\\/\\\/www.scrummanager.com\\\/blog\\\/2010\\\/03\\\/ya-esta-en-marcha-la-comunidad-y-ahora-que\\\/#article\",\"isPartOf\":{\"@id\":\"https:\\\/\\\/www.scrummanager.com\\\/blog\\\/2010\\\/03\\\/ya-esta-en-marcha-la-comunidad-y-ahora-que\\\/\"},\"author\":{\"name\":\"Scrum Manager\",\"@id\":\"https:\\\/\\\/www.scrummanager.com\\\/blog\\\/#\\\/schema\\\/person\\\/f029e6d9fa27defbadbab9c6165befdc\"},\"headline\":\"Ya est\u00e1 en marcha la comunidad&#8230; \u00bfy ahora que?\",\"datePublished\":\"2010-03-02T08:13:16+00:00\",\"dateModified\":\"2022-11-06T09:10:22+00:00\",\"mainEntityOfPage\":{\"@id\":\"https:\\\/\\\/www.scrummanager.com\\\/blog\\\/2010\\\/03\\\/ya-esta-en-marcha-la-comunidad-y-ahora-que\\\/\"},\"wordCount\":152,\"publisher\":{\"@id\":\"https:\\\/\\\/www.scrummanager.com\\\/blog\\\/#organization\"},\"articleSection\":[\"Notas de prensa\"],\"inLanguage\":\"es\"},{\"@type\":\"WebPage\",\"@id\":\"https:\\\/\\\/www.scrummanager.com\\\/blog\\\/2010\\\/03\\\/ya-esta-en-marcha-la-comunidad-y-ahora-que\\\/\",\"url\":\"https:\\\/\\\/www.scrummanager.com\\\/blog\\\/2010\\\/03\\\/ya-esta-en-marcha-la-comunidad-y-ahora-que\\\/\",\"name\":\"Ya est\u00e1 en marcha la comunidad... \u00bfy ahora que? - Blog\",\"isPartOf\":{\"@id\":\"https:\\\/\\\/www.scrummanager.com\\\/blog\\\/#website\"},\"datePublished\":\"2010-03-02T08:13:16+00:00\",\"dateModified\":\"2022-11-06T09:10:22+00:00\",\"breadcrumb\":{\"@id\":\"https:\\\/\\\/www.scrummanager.com\\\/blog\\\/2010\\\/03\\\/ya-esta-en-marcha-la-comunidad-y-ahora-que\\\/#breadcrumb\"},\"inLanguage\":\"es\",\"potentialAction\":[{\"@type\":\"ReadAction\",\"target\":[\"https:\\\/\\\/www.scrummanager.com\\\/blog\\\/2010\\\/03\\\/ya-esta-en-marcha-la-comunidad-y-ahora-que\\\/\"]}]},{\"@type\":\"BreadcrumbList\",\"@id\":\"https:\\\/\\\/www.scrummanager.com\\\/blog\\\/2010\\\/03\\\/ya-esta-en-marcha-la-comunidad-y-ahora-que\\\/#breadcrumb\",\"itemListElement\":[{\"@type\":\"ListItem\",\"position\":1,\"name\":\"Home\",\"item\":\"https:\\\/\\\/www.scrummanager.com\\\/blog\\\/\"},{\"@type\":\"ListItem\",\"position\":2,\"name\":\"Ya est\u00e1 en marcha la comunidad&#8230; \u00bfy ahora que?\"}]},{\"@type\":\"WebSite\",\"@id\":\"https:\\\/\\\/www.scrummanager.com\\\/blog\\\/#website\",\"url\":\"https:\\\/\\\/www.scrummanager.com\\\/blog\\\/\",\"name\":\"Blog\",\"description\":\"Por el equipo de colaboradores de Scrum Manager\",\"publisher\":{\"@id\":\"https:\\\/\\\/www.scrummanager.com\\\/blog\\\/#organization\"},\"potentialAction\":[{\"@type\":\"SearchAction\",\"target\":{\"@type\":\"EntryPoint\",\"urlTemplate\":\"https:\\\/\\\/www.scrummanager.com\\\/blog\\\/?s={search_term_string}\"},\"query-input\":{\"@type\":\"PropertyValueSpecification\",\"valueRequired\":true,\"valueName\":\"search_term_string\"}}],\"inLanguage\":\"es\"},{\"@type\":\"Organization\",\"@id\":\"https:\\\/\\\/www.scrummanager.com\\\/blog\\\/#organization\",\"name\":\"Scrum Manager\",\"url\":\"https:\\\/\\\/www.scrummanager.com\\\/blog\\\/\",\"logo\":{\"@type\":\"ImageObject\",\"inLanguage\":\"es\",\"@id\":\"https:\\\/\\\/www.scrummanager.com\\\/blog\\\/#\\\/schema\\\/logo\\\/image\\\/\",\"url\":\"https:\\\/\\\/www.scrummanager.com\\\/blog\\\/wp-content\\\/uploads\\\/2017\\\/06\\\/logo_scrum_manager_900.png\",\"contentUrl\":\"https:\\\/\\\/www.scrummanager.com\\\/blog\\\/wp-content\\\/uploads\\\/2017\\\/06\\\/logo_scrum_manager_900.png\",\"width\":900,\"height\":225,\"caption\":\"Scrum Manager\"},\"image\":{\"@id\":\"https:\\\/\\\/www.scrummanager.com\\\/blog\\\/#\\\/schema\\\/logo\\\/image\\\/\"},\"sameAs\":[\"https:\\\/\\\/www.facebook.com\\\/pages\\\/Scrum-Manager\\\/144889095527292\",\"https:\\\/\\\/x.com\\\/ScrumManager\",\"https:\\\/\\\/www.linkedin.com\\\/company-beta\\\/5013857\",\"https:\\\/\\\/www.youtube.com\\\/user\\\/scrummanager\"]},{\"@type\":\"Person\",\"@id\":\"https:\\\/\\\/www.scrummanager.com\\\/blog\\\/#\\\/schema\\\/person\\\/f029e6d9fa27defbadbab9c6165befdc\",\"name\":\"Scrum Manager\",\"image\":{\"@type\":\"ImageObject\",\"inLanguage\":\"es\",\"@id\":\"https:\\\/\\\/secure.gravatar.com\\\/avatar\\\/0992f552c4d4b2dd8e064b54375b0296756c07f4ae92354acc17316df878b8a9?s=96&d=mm&r=g\",\"url\":\"https:\\\/\\\/secure.gravatar.com\\\/avatar\\\/0992f552c4d4b2dd8e064b54375b0296756c07f4ae92354acc17316df878b8a9?s=96&d=mm&r=g\",\"contentUrl\":\"https:\\\/\\\/secure.gravatar.com\\\/avatar\\\/0992f552c4d4b2dd8e064b54375b0296756c07f4ae92354acc17316df878b8a9?s=96&d=mm&r=g\",\"caption\":\"Scrum Manager\"},\"url\":\"https:\\\/\\\/www.scrummanager.com\\\/blog\\\/author\\\/admin\\\/\"}]}<\/script>\n<!-- \/ Yoast SEO plugin. -->","yoast_head_json":{"title":"Ya est\u00e1 en marcha la comunidad... \u00bfy ahora que? - Blog","robots":{"index":"index","follow":"follow","max-snippet":"max-snippet:-1","max-image-preview":"max-image-preview:large","max-video-preview":"max-video-preview:-1"},"canonical":"https:\/\/www.scrummanager.com\/blog\/2010\/03\/ya-esta-en-marcha-la-comunidad-y-ahora-que\/","og_locale":"es_ES","og_type":"article","og_title":"Ya est\u00e1 en marcha la comunidad... \u00bfy ahora que? - Blog","og_description":"En este segundo podcast sobre comunidades \u00e1giles hispanas, los promotores de las principales comunidades de Costa Rica, Argentina,\u00a0 Espa\u00f1a y el grupo local de Castilla-Le\u00f3n, charlan de las actividades que realizan y c\u00f3mo las llevan [&hellip;]","og_url":"https:\/\/www.scrummanager.com\/blog\/2010\/03\/ya-esta-en-marcha-la-comunidad-y-ahora-que\/","og_site_name":"Blog","article_publisher":"https:\/\/www.facebook.com\/pages\/Scrum-Manager\/144889095527292","article_published_time":"2010-03-02T08:13:16+00:00","article_modified_time":"2022-11-06T09:10:22+00:00","author":"Scrum Manager","twitter_card":"summary_large_image","twitter_creator":"@ScrumManager","twitter_site":"@ScrumManager","twitter_misc":{"Escrito por":"Scrum Manager","Tiempo de lectura":"1 minuto"},"schema":{"@context":"https:\/\/schema.org","@graph":[{"@type":"Article","@id":"https:\/\/www.scrummanager.com\/blog\/2010\/03\/ya-esta-en-marcha-la-comunidad-y-ahora-que\/#article","isPartOf":{"@id":"https:\/\/www.scrummanager.com\/blog\/2010\/03\/ya-esta-en-marcha-la-comunidad-y-ahora-que\/"},"author":{"name":"Scrum Manager","@id":"https:\/\/www.scrummanager.com\/blog\/#\/schema\/person\/f029e6d9fa27defbadbab9c6165befdc"},"headline":"Ya est\u00e1 en marcha la comunidad&#8230; \u00bfy ahora que?","datePublished":"2010-03-02T08:13:16+00:00","dateModified":"2022-11-06T09:10:22+00:00","mainEntityOfPage":{"@id":"https:\/\/www.scrummanager.com\/blog\/2010\/03\/ya-esta-en-marcha-la-comunidad-y-ahora-que\/"},"wordCount":152,"publisher":{"@id":"https:\/\/www.scrummanager.com\/blog\/#organization"},"articleSection":["Notas de prensa"],"inLanguage":"es"},{"@type":"WebPage","@id":"https:\/\/www.scrummanager.com\/blog\/2010\/03\/ya-esta-en-marcha-la-comunidad-y-ahora-que\/","url":"https:\/\/www.scrummanager.com\/blog\/2010\/03\/ya-esta-en-marcha-la-comunidad-y-ahora-que\/","name":"Ya est\u00e1 en marcha la comunidad... \u00bfy ahora que? - Blog","isPartOf":{"@id":"https:\/\/www.scrummanager.com\/blog\/#website"},"datePublished":"2010-03-02T08:13:16+00:00","dateModified":"2022-11-06T09:10:22+00:00","breadcrumb":{"@id":"https:\/\/www.scrummanager.com\/blog\/2010\/03\/ya-esta-en-marcha-la-comunidad-y-ahora-que\/#breadcrumb"},"inLanguage":"es","potentialAction":[{"@type":"ReadAction","target":["https:\/\/www.scrummanager.com\/blog\/2010\/03\/ya-esta-en-marcha-la-comunidad-y-ahora-que\/"]}]},{"@type":"BreadcrumbList","@id":"https:\/\/www.scrummanager.com\/blog\/2010\/03\/ya-esta-en-marcha-la-comunidad-y-ahora-que\/#breadcrumb","itemListElement":[{"@type":"ListItem","position":1,"name":"Home","item":"https:\/\/www.scrummanager.com\/blog\/"},{"@type":"ListItem","position":2,"name":"Ya est\u00e1 en marcha la comunidad&#8230; \u00bfy ahora que?"}]},{"@type":"WebSite","@id":"https:\/\/www.scrummanager.com\/blog\/#website","url":"https:\/\/www.scrummanager.com\/blog\/","name":"Blog","description":"Por el equipo de colaboradores de Scrum Manager","publisher":{"@id":"https:\/\/www.scrummanager.com\/blog\/#organization"},"potentialAction":[{"@type":"SearchAction","target":{"@type":"EntryPoint","urlTemplate":"https:\/\/www.scrummanager.com\/blog\/?s={search_term_string}"},"query-input":{"@type":"PropertyValueSpecification","valueRequired":true,"valueName":"search_term_string"}}],"inLanguage":"es"},{"@type":"Organization","@id":"https:\/\/www.scrummanager.com\/blog\/#organization","name":"Scrum Manager","url":"https:\/\/www.scrummanager.com\/blog\/","logo":{"@type":"ImageObject","inLanguage":"es","@id":"https:\/\/www.scrummanager.com\/blog\/#\/schema\/logo\/image\/","url":"https:\/\/www.scrummanager.com\/blog\/wp-content\/uploads\/2017\/06\/logo_scrum_manager_900.png","contentUrl":"https:\/\/www.scrummanager.com\/blog\/wp-content\/uploads\/2017\/06\/logo_scrum_manager_900.png","width":900,"height":225,"caption":"Scrum Manager"},"image":{"@id":"https:\/\/www.scrummanager.com\/blog\/#\/schema\/logo\/image\/"},"sameAs":["https:\/\/www.facebook.com\/pages\/Scrum-Manager\/144889095527292","https:\/\/x.com\/ScrumManager","https:\/\/www.linkedin.com\/company-beta\/5013857","https:\/\/www.youtube.com\/user\/scrummanager"]},{"@type":"Person","@id":"https:\/\/www.scrummanager.com\/blog\/#\/schema\/person\/f029e6d9fa27defbadbab9c6165befdc","name":"Scrum Manager","image":{"@type":"ImageObject","inLanguage":"es","@id":"https:\/\/secure.gravatar.com\/avatar\/0992f552c4d4b2dd8e064b54375b0296756c07f4ae92354acc17316df878b8a9?s=96&d=mm&r=g","url":"https:\/\/secure.gravatar.com\/avatar\/0992f552c4d4b2dd8e064b54375b0296756c07f4ae92354acc17316df878b8a9?s=96&d=mm&r=g","contentUrl":"https:\/\/secure.gravatar.com\/avatar\/0992f552c4d4b2dd8e064b54375b0296756c07f4ae92354acc17316df878b8a9?s=96&d=mm&r=g","caption":"Scrum Manager"},"url":"https:\/\/www.scrummanager.com\/blog\/author\/admin\/"}]}},"_links":{"self":[{"href":"https:\/\/www.scrummanager.com\/blog\/wp-json\/wp\/v2\/posts\/157","targetHints":{"allow":["GET"]}}],"collection":[{"href":"https:\/\/www.scrummanager.com\/blog\/wp-json\/wp\/v2\/posts"}],"about":[{"href":"https:\/\/www.scrummanager.com\/blog\/wp-json\/wp\/v2\/types\/post"}],"author":[{"embeddable":true,"href":"https:\/\/www.scrummanager.com\/blog\/wp-json\/wp\/v2\/users\/1"}],"replies":[{"embeddable":true,"href":"https:\/\/www.scrummanager.com\/blog\/wp-json\/wp\/v2\/comments?post=157"}],"version-history":[{"count":15,"href":"https:\/\/www.scrummanager.com\/blog\/wp-json\/wp\/v2\/posts\/157\/revisions"}],"predecessor-version":[{"id":3219,"href":"https:\/\/www.scrummanager.com\/blog\/wp-json\/wp\/v2\/posts\/157\/revisions\/3219"}],"wp:attachment":[{"href":"https:\/\/www.scrummanager.com\/blog\/wp-json\/wp\/v2\/media?parent=157"}],"wp:term":[{"taxonomy":"category","embeddable":true,"href":"https:\/\/www.scrummanager.com\/blog\/wp-json\/wp\/v2\/categories?post=157"},{"taxonomy":"post_tag","embeddable":true,"href":"https:\/\/www.scrummanager.com\/blog\/wp-json\/wp\/v2\/tags?post=157"}],"curies":[{"name":"wp","href":"https:\/\/api.w.org\/{rel}","templated":true}]}}