{"id":4228,"date":"2023-06-02T09:59:02","date_gmt":"2023-06-02T07:59:02","guid":{"rendered":"https:\/\/www.scrummanager.com\/blog\/?p=4228"},"modified":"2023-06-02T09:59:03","modified_gmt":"2023-06-02T07:59:03","slug":"conferencia-agilidad-empresa-aragonesa","status":"publish","type":"post","link":"https:\/\/www.scrummanager.com\/blog\/2023\/06\/conferencia-agilidad-empresa-aragonesa\/","title":{"rendered":"Conferencia de Agilidad en la Empresa Aragonesa (CAEA)"},"content":{"rendered":"\n<p><strong>Zaragoza, Espa\u00f1a<\/strong> \u2013 Nos complace anunciar que Scrum Manager ser\u00e1 uno de los patrocinadores de la <strong><a href=\"https:\/\/caearagon.org\/\" target=\"_blank\" rel=\"noreferrer noopener\">II Conferencia de Agilidad en la Empresa Aragonesa (CAEA)<\/a><\/strong>. Esta conferencia de agilidad empresarial se celebrar\u00e1 el 8 de junio de 2023 en el Campus Ibercaja, Zaragoza.<\/p>\n\n\n<div class=\"wp-block-image\">\n<figure class=\"aligncenter size-large is-resized\"><a href=\"https:\/\/www.scrummanager.com\/blog\/wp-content\/uploads\/2023\/05\/CAEA-Conferencia-de-agilidad-en-la-Empresa-Aragonesa.png\"><img loading=\"lazy\" decoding=\"async\" src=\"https:\/\/www.scrummanager.com\/blog\/wp-content\/uploads\/2023\/05\/CAEA-Conferencia-de-agilidad-en-la-Empresa-Aragonesa-1024x535.png\" alt=\"Conferencia de agilidad en la empresa aragonesa (CAEA).\" class=\"wp-image-4250\" width=\"477\" height=\"248\" srcset=\"https:\/\/www.scrummanager.com\/blog\/wp-content\/uploads\/2023\/05\/CAEA-Conferencia-de-agilidad-en-la-Empresa-Aragonesa-1024x535.png 1024w, https:\/\/www.scrummanager.com\/blog\/wp-content\/uploads\/2023\/05\/CAEA-Conferencia-de-agilidad-en-la-Empresa-Aragonesa-300x157.png 300w, https:\/\/www.scrummanager.com\/blog\/wp-content\/uploads\/2023\/05\/CAEA-Conferencia-de-agilidad-en-la-Empresa-Aragonesa-768x401.png 768w, https:\/\/www.scrummanager.com\/blog\/wp-content\/uploads\/2023\/05\/CAEA-Conferencia-de-agilidad-en-la-Empresa-Aragonesa.png 1200w\" sizes=\"auto, (max-width: 477px) 85vw, 477px\" \/><\/a><\/figure>\n<\/div>\n\n\n<p><\/p>\n\n\n\n<p>CAEA busca impulsar la agilidad en el mundo empresarial, una forma de aumentar habilidades, motivaci\u00f3n y competitividad. En esta conferencia, expertos y expertas destacados compartir\u00e1n los principios, beneficios y estrategias para adoptar una mentalidad \u00e1gil.<\/p>\n\n\n\n<h2 class=\"wp-block-heading\">Ponentes<\/h2>\n\n\n\n<p>El programa del evento presenta una variedad de charlas impartidas por expertos y expertas en agilidad. Entre los oradores, destacan personalidades como <a href=\"https:\/\/www.linkedin.com\/in\/teodorabozheva\/?originalSubdomain=es\" target=\"_blank\" rel=\"noreferrer noopener\">Teodora Bozheva<\/a>, fundadora y CEO de Berriprocess Agility, o <a href=\"https:\/\/caearagon.org\/speaker\/pablo-gallardo\/\" target=\"_blank\" rel=\"noreferrer noopener\">Pablo Gallardo<\/a>, analista funcional de software con m\u00e1s de 15 a\u00f1os de experiencia.<\/p>\n\n\n\n<p>Podremos asistir a charlas sobre la implementaci\u00f3n de metodolog\u00edas \u00e1giles en la empresa, impartidas por expertas como <a href=\"https:\/\/www.linkedin.com\/in\/yanina-wax-41543a44\/\" target=\"_blank\" rel=\"noreferrer noopener\">Yanina Wax<\/a> y <a href=\"https:\/\/caearagon.org\/speaker\/cristina-lagarde\/\" target=\"_blank\" rel=\"noreferrer noopener\">Cristina Lagarde<\/a>; y expertos como <a href=\"https:\/\/www.linkedin.com\/in\/felixbragado\/\" target=\"_blank\" rel=\"noreferrer noopener\">F\u00e9lix Bragado<\/a> o <a href=\"https:\/\/www.linkedin.com\/in\/ignacio-elorriaga\/?originalSubdomain=es\" target=\"_blank\" rel=\"noreferrer noopener\">Ignacio Elorriaga<\/a> quienes tambi\u00e9n hablar\u00e1n sobre las metodolog\u00edas \u00e1giles en la empresa y de c\u00f3mo pueden implementarse en entornos desafiantes.<\/p>\n\n\n\n<p>Pero si lo que os interesan son temas como la agilidad en la Administraci\u00f3n P\u00fablica, la gesti\u00f3n de equipos autoliderados o la creatividad y la innovaci\u00f3n, no pod\u00e9is perderos a <a href=\"https:\/\/caearagon.org\/speaker\/esther-nuez\/\" target=\"_blank\" rel=\"noreferrer noopener\">Esther Nuez<\/a>, <a href=\"https:\/\/caearagon.org\/speaker\/belen-perez\/\" target=\"_blank\" rel=\"noreferrer noopener\">Bel\u00e9n P\u00e9rez<\/a> y <a href=\"https:\/\/www.linkedin.com\/in\/juangascathinkers\/?originalSubdomain=es\" target=\"_blank\" rel=\"noreferrer noopener\">Juan Gasca<\/a>.<\/p>\n\n\n\n<p>Adem\u00e1s, el \u00e1mbito cient\u00edfico tambi\u00e9n hace acto de presencia en este evento gracias a <a href=\"https:\/\/www.linkedin.com\/in\/paolafatas\/?locale=es_ES\" target=\"_blank\" rel=\"noreferrer noopener\">Paola Fat\u00e1s<\/a>. Como Doctora en qu\u00edmicas, nos hablar\u00e1 de la innovaci\u00f3n y c\u00f3mo las organizaciones pueden utilizar el m\u00e9todo cient\u00edfico para validar e implementar nuevas ideas.<\/p>\n\n\n\n<h2 class=\"wp-block-heading\">Mesa Redonda<\/h2>\n\n\n\n<p>Esta Conferencia de Agilidad en la Empresa Aragonesa tambi\u00e9n contar\u00e1 con una Mesa Redonda formada por <a href=\"https:\/\/caearagon.org\/roundtable\/diego-martinez\/\" target=\"_blank\" rel=\"noreferrer noopener\">Diego Mart\u00ednez<\/a>, Socio Director de Grupo Pronet; <a href=\"https:\/\/www.linkedin.com\/in\/josemiguelfenollosa\/?originalSubdomain=es\" target=\"_blank\" rel=\"noreferrer noopener\">Jos\u00e9 Miguel Fenollosa<\/a>, director de Data Governance y PMO en Dexis Ib\u00e9rica; <a href=\"https:\/\/www.linkedin.com\/in\/albertolopezbueno\/?originalSubdomain=es\" target=\"_blank\" rel=\"noreferrer noopener\">Alberto L\u00f3pez Bueno<\/a>, CEO en Wanatop; <a href=\"https:\/\/caearagon.org\/roundtable\/angel-pardillos\/\" target=\"_blank\" rel=\"noreferrer noopener\">\u00c1ngel Pardillos<\/a>, profesional vinculado al mundo de la Tecnolog\u00eda, y <a href=\"https:\/\/www.linkedin.com\/in\/juanpalaciobaneres\/\" target=\"_blank\" rel=\"noreferrer noopener\">Juan Palacio<\/a>, fundador de Scrum Manager.<\/p>\n\n\n\n<hr class=\"wp-block-separator has-alpha-channel-opacity\" \/>\n\n\n\n<p>Si quer\u00e9is conocer mejor a los miembros de la Mesa Redonda, los ponentes, su experiencia y sus charlas, en <a href=\"https:\/\/caearagon.org\/\" target=\"_blank\" rel=\"noreferrer noopener\">caearagon.org<\/a> encontrar\u00e9is informaci\u00f3n interesante. <\/p>\n\n\n\n<hr class=\"wp-block-separator has-alpha-channel-opacity\" \/>\n\n\n\n<p>Os esperamos en la II Conferencia de Agilidad en la Empresa Aragonesa (CAEA). Estamos seguros de que este evento ser\u00e1 una gran oportunidad para compartir conocimientos y experiencias sobre agilidad. <\/p>\n\n\n\n<p>\u00a1Nos vemos el 8 de junio en Zaragoza!<\/p>\n<!-- AddThis Advanced Settings generic via filter on the_content --><!-- AddThis Share Buttons generic via filter on the_content -->","protected":false},"excerpt":{"rendered":"<p>Patrocinamos la II Conferencia de Agilidad en la Empresa Aragonesa, un evento donde compartir conocimientos y experiencias sobre agilidad. <\/p>\n","protected":false},"author":26,"featured_media":4250,"comment_status":"open","ping_status":"open","sticky":false,"template":"","format":"standard","meta":{"_monsterinsights_skip_tracking":false,"_monsterinsights_sitenote_active":false,"_monsterinsights_sitenote_note":"","_monsterinsights_sitenote_category":0,"footnotes":""},"categories":[37],"tags":[59,41],"class_list":["post-4228","post","type-post","status-publish","format-standard","has-post-thumbnail","hentry","category-news","tag-agilidad","tag-practicas-agiles"],"yoast_head":"<!-- This site is optimized with the Yoast SEO plugin v27.5 - https:\/\/yoast.com\/product\/yoast-seo-wordpress\/ -->\n<title>Conferencia de Agilidad en la Empresa Aragonesa (CAEA)<\/title>\n<meta name=\"description\" content=\"Patrocinamos la II Conferencia de Agilidad en la Empresa Aragonesa, un evento donde compartir conocimientos y experiencias sobre agilidad.\" \/>\n<meta name=\"robots\" content=\"index, follow, max-snippet:-1, max-image-preview:large, max-video-preview:-1\" \/>\n<link rel=\"canonical\" href=\"https:\/\/www.scrummanager.com\/blog\/2023\/06\/conferencia-agilidad-empresa-aragonesa\/\" \/>\n<meta property=\"og:locale\" content=\"es_ES\" \/>\n<meta property=\"og:type\" content=\"article\" \/>\n<meta property=\"og:title\" content=\"Conferencia de Agilidad en la Empresa Aragonesa (CAEA)\" \/>\n<meta property=\"og:description\" content=\"Patrocinamos la II Conferencia de Agilidad en la Empresa Aragonesa, un evento donde compartir conocimientos y experiencias sobre agilidad.\" \/>\n<meta property=\"og:url\" content=\"https:\/\/www.scrummanager.com\/blog\/2023\/06\/conferencia-agilidad-empresa-aragonesa\/\" \/>\n<meta property=\"og:site_name\" content=\"Blog\" \/>\n<meta property=\"article:publisher\" content=\"https:\/\/www.facebook.com\/pages\/Scrum-Manager\/144889095527292\" \/>\n<meta property=\"article:published_time\" content=\"2023-06-02T07:59:02+00:00\" \/>\n<meta property=\"article:modified_time\" content=\"2023-06-02T07:59:03+00:00\" \/>\n<meta property=\"og:image\" content=\"https:\/\/www.scrummanager.com\/blog\/wp-content\/uploads\/2023\/05\/CAEA-Conferencia-de-agilidad-en-la-Empresa-Aragonesa.png\" \/>\n\t<meta property=\"og:image:width\" content=\"1200\" \/>\n\t<meta property=\"og:image:height\" content=\"627\" \/>\n\t<meta property=\"og:image:type\" content=\"image\/png\" \/>\n<meta name=\"author\" content=\"Marta Bern\u00e9\" \/>\n<meta name=\"twitter:card\" content=\"summary_large_image\" \/>\n<meta name=\"twitter:title\" content=\"Conferencia de Agilidad en la Empresa Aragonesa (CAEA)\" \/>\n<meta name=\"twitter:description\" content=\"Patrocinamos la II Conferencia de Agilidad en la Empresa Aragonesa, un evento donde compartir conocimientos y experiencias sobre agilidad.\" \/>\n<meta name=\"twitter:image\" content=\"https:\/\/www.scrummanager.com\/blog\/wp-content\/uploads\/2023\/05\/CAEA-Conferencia-de-agilidad-en-la-Empresa-Aragonesa.png\" \/>\n<meta name=\"twitter:creator\" content=\"@ScrumManager\" \/>\n<meta name=\"twitter:site\" content=\"@ScrumManager\" \/>\n<meta name=\"twitter:label1\" content=\"Escrito por\" \/>\n\t<meta name=\"twitter:data1\" content=\"Marta Bern\u00e9\" \/>\n\t<meta name=\"twitter:label2\" content=\"Tiempo de lectura\" \/>\n\t<meta name=\"twitter:data2\" content=\"2 minutos\" \/>\n<script type=\"application\/ld+json\" class=\"yoast-schema-graph\">{\"@context\":\"https:\\\/\\\/schema.org\",\"@graph\":[{\"@type\":\"Article\",\"@id\":\"https:\\\/\\\/www.scrummanager.com\\\/blog\\\/2023\\\/06\\\/conferencia-agilidad-empresa-aragonesa\\\/#article\",\"isPartOf\":{\"@id\":\"https:\\\/\\\/www.scrummanager.com\\\/blog\\\/2023\\\/06\\\/conferencia-agilidad-empresa-aragonesa\\\/\"},\"author\":{\"name\":\"Marta Bern\u00e9\",\"@id\":\"https:\\\/\\\/www.scrummanager.com\\\/blog\\\/#\\\/schema\\\/person\\\/51b5c36503a85486c49c9ab2fcfd8370\"},\"headline\":\"Conferencia de Agilidad en la Empresa Aragonesa (CAEA)\",\"datePublished\":\"2023-06-02T07:59:02+00:00\",\"dateModified\":\"2023-06-02T07:59:03+00:00\",\"mainEntityOfPage\":{\"@id\":\"https:\\\/\\\/www.scrummanager.com\\\/blog\\\/2023\\\/06\\\/conferencia-agilidad-empresa-aragonesa\\\/\"},\"wordCount\":408,\"commentCount\":1,\"publisher\":{\"@id\":\"https:\\\/\\\/www.scrummanager.com\\\/blog\\\/#organization\"},\"image\":{\"@id\":\"https:\\\/\\\/www.scrummanager.com\\\/blog\\\/2023\\\/06\\\/conferencia-agilidad-empresa-aragonesa\\\/#primaryimage\"},\"thumbnailUrl\":\"https:\\\/\\\/www.scrummanager.com\\\/blog\\\/wp-content\\\/uploads\\\/2023\\\/05\\\/CAEA-Conferencia-de-agilidad-en-la-Empresa-Aragonesa.png\",\"keywords\":[\"agilidad\",\"pr\u00e1cticas \u00e1giles\"],\"articleSection\":[\"Notas de prensa\"],\"inLanguage\":\"es\",\"potentialAction\":[{\"@type\":\"CommentAction\",\"name\":\"Comment\",\"target\":[\"https:\\\/\\\/www.scrummanager.com\\\/blog\\\/2023\\\/06\\\/conferencia-agilidad-empresa-aragonesa\\\/#respond\"]}]},{\"@type\":\"WebPage\",\"@id\":\"https:\\\/\\\/www.scrummanager.com\\\/blog\\\/2023\\\/06\\\/conferencia-agilidad-empresa-aragonesa\\\/\",\"url\":\"https:\\\/\\\/www.scrummanager.com\\\/blog\\\/2023\\\/06\\\/conferencia-agilidad-empresa-aragonesa\\\/\",\"name\":\"Conferencia de Agilidad en la Empresa Aragonesa (CAEA)\",\"isPartOf\":{\"@id\":\"https:\\\/\\\/www.scrummanager.com\\\/blog\\\/#website\"},\"primaryImageOfPage\":{\"@id\":\"https:\\\/\\\/www.scrummanager.com\\\/blog\\\/2023\\\/06\\\/conferencia-agilidad-empresa-aragonesa\\\/#primaryimage\"},\"image\":{\"@id\":\"https:\\\/\\\/www.scrummanager.com\\\/blog\\\/2023\\\/06\\\/conferencia-agilidad-empresa-aragonesa\\\/#primaryimage\"},\"thumbnailUrl\":\"https:\\\/\\\/www.scrummanager.com\\\/blog\\\/wp-content\\\/uploads\\\/2023\\\/05\\\/CAEA-Conferencia-de-agilidad-en-la-Empresa-Aragonesa.png\",\"datePublished\":\"2023-06-02T07:59:02+00:00\",\"dateModified\":\"2023-06-02T07:59:03+00:00\",\"description\":\"Patrocinamos la II Conferencia de Agilidad en la Empresa Aragonesa, un evento donde compartir conocimientos y experiencias sobre agilidad.\",\"breadcrumb\":{\"@id\":\"https:\\\/\\\/www.scrummanager.com\\\/blog\\\/2023\\\/06\\\/conferencia-agilidad-empresa-aragonesa\\\/#breadcrumb\"},\"inLanguage\":\"es\",\"potentialAction\":[{\"@type\":\"ReadAction\",\"target\":[\"https:\\\/\\\/www.scrummanager.com\\\/blog\\\/2023\\\/06\\\/conferencia-agilidad-empresa-aragonesa\\\/\"]}]},{\"@type\":\"ImageObject\",\"inLanguage\":\"es\",\"@id\":\"https:\\\/\\\/www.scrummanager.com\\\/blog\\\/2023\\\/06\\\/conferencia-agilidad-empresa-aragonesa\\\/#primaryimage\",\"url\":\"https:\\\/\\\/www.scrummanager.com\\\/blog\\\/wp-content\\\/uploads\\\/2023\\\/05\\\/CAEA-Conferencia-de-agilidad-en-la-Empresa-Aragonesa.png\",\"contentUrl\":\"https:\\\/\\\/www.scrummanager.com\\\/blog\\\/wp-content\\\/uploads\\\/2023\\\/05\\\/CAEA-Conferencia-de-agilidad-en-la-Empresa-Aragonesa.png\",\"width\":1200,\"height\":627,\"caption\":\"Conferencia de agilidad en la empresa aragonesa (CAEA).\"},{\"@type\":\"BreadcrumbList\",\"@id\":\"https:\\\/\\\/www.scrummanager.com\\\/blog\\\/2023\\\/06\\\/conferencia-agilidad-empresa-aragonesa\\\/#breadcrumb\",\"itemListElement\":[{\"@type\":\"ListItem\",\"position\":1,\"name\":\"Home\",\"item\":\"https:\\\/\\\/www.scrummanager.com\\\/blog\\\/\"},{\"@type\":\"ListItem\",\"position\":2,\"name\":\"Conferencia de Agilidad en la Empresa Aragonesa (CAEA)\"}]},{\"@type\":\"WebSite\",\"@id\":\"https:\\\/\\\/www.scrummanager.com\\\/blog\\\/#website\",\"url\":\"https:\\\/\\\/www.scrummanager.com\\\/blog\\\/\",\"name\":\"Blog\",\"description\":\"Por el equipo de colaboradores de Scrum Manager\",\"publisher\":{\"@id\":\"https:\\\/\\\/www.scrummanager.com\\\/blog\\\/#organization\"},\"potentialAction\":[{\"@type\":\"SearchAction\",\"target\":{\"@type\":\"EntryPoint\",\"urlTemplate\":\"https:\\\/\\\/www.scrummanager.com\\\/blog\\\/?s={search_term_string}\"},\"query-input\":{\"@type\":\"PropertyValueSpecification\",\"valueRequired\":true,\"valueName\":\"search_term_string\"}}],\"inLanguage\":\"es\"},{\"@type\":\"Organization\",\"@id\":\"https:\\\/\\\/www.scrummanager.com\\\/blog\\\/#organization\",\"name\":\"Scrum Manager\",\"url\":\"https:\\\/\\\/www.scrummanager.com\\\/blog\\\/\",\"logo\":{\"@type\":\"ImageObject\",\"inLanguage\":\"es\",\"@id\":\"https:\\\/\\\/www.scrummanager.com\\\/blog\\\/#\\\/schema\\\/logo\\\/image\\\/\",\"url\":\"https:\\\/\\\/www.scrummanager.com\\\/blog\\\/wp-content\\\/uploads\\\/2017\\\/06\\\/logo_scrum_manager_900.png\",\"contentUrl\":\"https:\\\/\\\/www.scrummanager.com\\\/blog\\\/wp-content\\\/uploads\\\/2017\\\/06\\\/logo_scrum_manager_900.png\",\"width\":900,\"height\":225,\"caption\":\"Scrum Manager\"},\"image\":{\"@id\":\"https:\\\/\\\/www.scrummanager.com\\\/blog\\\/#\\\/schema\\\/logo\\\/image\\\/\"},\"sameAs\":[\"https:\\\/\\\/www.facebook.com\\\/pages\\\/Scrum-Manager\\\/144889095527292\",\"https:\\\/\\\/x.com\\\/ScrumManager\",\"https:\\\/\\\/www.linkedin.com\\\/company-beta\\\/5013857\",\"https:\\\/\\\/www.youtube.com\\\/user\\\/scrummanager\"]},{\"@type\":\"Person\",\"@id\":\"https:\\\/\\\/www.scrummanager.com\\\/blog\\\/#\\\/schema\\\/person\\\/51b5c36503a85486c49c9ab2fcfd8370\",\"name\":\"Marta Bern\u00e9\",\"image\":{\"@type\":\"ImageObject\",\"inLanguage\":\"es\",\"@id\":\"https:\\\/\\\/secure.gravatar.com\\\/avatar\\\/a0af4775ad7a53a935596564c785142f0ad127074560cb3f982b5956bf1fb755?s=96&d=mm&r=g\",\"url\":\"https:\\\/\\\/secure.gravatar.com\\\/avatar\\\/a0af4775ad7a53a935596564c785142f0ad127074560cb3f982b5956bf1fb755?s=96&d=mm&r=g\",\"contentUrl\":\"https:\\\/\\\/secure.gravatar.com\\\/avatar\\\/a0af4775ad7a53a935596564c785142f0ad127074560cb3f982b5956bf1fb755?s=96&d=mm&r=g\",\"caption\":\"Marta Bern\u00e9\"},\"url\":\"https:\\\/\\\/www.scrummanager.com\\\/blog\\\/author\\\/mberne\\\/\"}]}<\/script>\n<!-- \/ Yoast SEO plugin. -->","yoast_head_json":{"title":"Conferencia de Agilidad en la Empresa Aragonesa (CAEA)","description":"Patrocinamos la II Conferencia de Agilidad en la Empresa Aragonesa, un evento donde compartir conocimientos y experiencias sobre agilidad.","robots":{"index":"index","follow":"follow","max-snippet":"max-snippet:-1","max-image-preview":"max-image-preview:large","max-video-preview":"max-video-preview:-1"},"canonical":"https:\/\/www.scrummanager.com\/blog\/2023\/06\/conferencia-agilidad-empresa-aragonesa\/","og_locale":"es_ES","og_type":"article","og_title":"Conferencia de Agilidad en la Empresa Aragonesa (CAEA)","og_description":"Patrocinamos la II Conferencia de Agilidad en la Empresa Aragonesa, un evento donde compartir conocimientos y experiencias sobre agilidad.","og_url":"https:\/\/www.scrummanager.com\/blog\/2023\/06\/conferencia-agilidad-empresa-aragonesa\/","og_site_name":"Blog","article_publisher":"https:\/\/www.facebook.com\/pages\/Scrum-Manager\/144889095527292","article_published_time":"2023-06-02T07:59:02+00:00","article_modified_time":"2023-06-02T07:59:03+00:00","og_image":[{"width":1200,"height":627,"url":"https:\/\/www.scrummanager.com\/blog\/wp-content\/uploads\/2023\/05\/CAEA-Conferencia-de-agilidad-en-la-Empresa-Aragonesa.png","type":"image\/png"}],"author":"Marta Bern\u00e9","twitter_card":"summary_large_image","twitter_title":"Conferencia de Agilidad en la Empresa Aragonesa (CAEA)","twitter_description":"Patrocinamos la II Conferencia de Agilidad en la Empresa Aragonesa, un evento donde compartir conocimientos y experiencias sobre agilidad.","twitter_image":"https:\/\/www.scrummanager.com\/blog\/wp-content\/uploads\/2023\/05\/CAEA-Conferencia-de-agilidad-en-la-Empresa-Aragonesa.png","twitter_creator":"@ScrumManager","twitter_site":"@ScrumManager","twitter_misc":{"Escrito por":"Marta Bern\u00e9","Tiempo de lectura":"2 minutos"},"schema":{"@context":"https:\/\/schema.org","@graph":[{"@type":"Article","@id":"https:\/\/www.scrummanager.com\/blog\/2023\/06\/conferencia-agilidad-empresa-aragonesa\/#article","isPartOf":{"@id":"https:\/\/www.scrummanager.com\/blog\/2023\/06\/conferencia-agilidad-empresa-aragonesa\/"},"author":{"name":"Marta Bern\u00e9","@id":"https:\/\/www.scrummanager.com\/blog\/#\/schema\/person\/51b5c36503a85486c49c9ab2fcfd8370"},"headline":"Conferencia de Agilidad en la Empresa Aragonesa (CAEA)","datePublished":"2023-06-02T07:59:02+00:00","dateModified":"2023-06-02T07:59:03+00:00","mainEntityOfPage":{"@id":"https:\/\/www.scrummanager.com\/blog\/2023\/06\/conferencia-agilidad-empresa-aragonesa\/"},"wordCount":408,"commentCount":1,"publisher":{"@id":"https:\/\/www.scrummanager.com\/blog\/#organization"},"image":{"@id":"https:\/\/www.scrummanager.com\/blog\/2023\/06\/conferencia-agilidad-empresa-aragonesa\/#primaryimage"},"thumbnailUrl":"https:\/\/www.scrummanager.com\/blog\/wp-content\/uploads\/2023\/05\/CAEA-Conferencia-de-agilidad-en-la-Empresa-Aragonesa.png","keywords":["agilidad","pr\u00e1cticas \u00e1giles"],"articleSection":["Notas de prensa"],"inLanguage":"es","potentialAction":[{"@type":"CommentAction","name":"Comment","target":["https:\/\/www.scrummanager.com\/blog\/2023\/06\/conferencia-agilidad-empresa-aragonesa\/#respond"]}]},{"@type":"WebPage","@id":"https:\/\/www.scrummanager.com\/blog\/2023\/06\/conferencia-agilidad-empresa-aragonesa\/","url":"https:\/\/www.scrummanager.com\/blog\/2023\/06\/conferencia-agilidad-empresa-aragonesa\/","name":"Conferencia de Agilidad en la Empresa Aragonesa (CAEA)","isPartOf":{"@id":"https:\/\/www.scrummanager.com\/blog\/#website"},"primaryImageOfPage":{"@id":"https:\/\/www.scrummanager.com\/blog\/2023\/06\/conferencia-agilidad-empresa-aragonesa\/#primaryimage"},"image":{"@id":"https:\/\/www.scrummanager.com\/blog\/2023\/06\/conferencia-agilidad-empresa-aragonesa\/#primaryimage"},"thumbnailUrl":"https:\/\/www.scrummanager.com\/blog\/wp-content\/uploads\/2023\/05\/CAEA-Conferencia-de-agilidad-en-la-Empresa-Aragonesa.png","datePublished":"2023-06-02T07:59:02+00:00","dateModified":"2023-06-02T07:59:03+00:00","description":"Patrocinamos la II Conferencia de Agilidad en la Empresa Aragonesa, un evento donde compartir conocimientos y experiencias sobre agilidad.","breadcrumb":{"@id":"https:\/\/www.scrummanager.com\/blog\/2023\/06\/conferencia-agilidad-empresa-aragonesa\/#breadcrumb"},"inLanguage":"es","potentialAction":[{"@type":"ReadAction","target":["https:\/\/www.scrummanager.com\/blog\/2023\/06\/conferencia-agilidad-empresa-aragonesa\/"]}]},{"@type":"ImageObject","inLanguage":"es","@id":"https:\/\/www.scrummanager.com\/blog\/2023\/06\/conferencia-agilidad-empresa-aragonesa\/#primaryimage","url":"https:\/\/www.scrummanager.com\/blog\/wp-content\/uploads\/2023\/05\/CAEA-Conferencia-de-agilidad-en-la-Empresa-Aragonesa.png","contentUrl":"https:\/\/www.scrummanager.com\/blog\/wp-content\/uploads\/2023\/05\/CAEA-Conferencia-de-agilidad-en-la-Empresa-Aragonesa.png","width":1200,"height":627,"caption":"Conferencia de agilidad en la empresa aragonesa (CAEA)."},{"@type":"BreadcrumbList","@id":"https:\/\/www.scrummanager.com\/blog\/2023\/06\/conferencia-agilidad-empresa-aragonesa\/#breadcrumb","itemListElement":[{"@type":"ListItem","position":1,"name":"Home","item":"https:\/\/www.scrummanager.com\/blog\/"},{"@type":"ListItem","position":2,"name":"Conferencia de Agilidad en la Empresa Aragonesa (CAEA)"}]},{"@type":"WebSite","@id":"https:\/\/www.scrummanager.com\/blog\/#website","url":"https:\/\/www.scrummanager.com\/blog\/","name":"Blog","description":"Por el equipo de colaboradores de Scrum Manager","publisher":{"@id":"https:\/\/www.scrummanager.com\/blog\/#organization"},"potentialAction":[{"@type":"SearchAction","target":{"@type":"EntryPoint","urlTemplate":"https:\/\/www.scrummanager.com\/blog\/?s={search_term_string}"},"query-input":{"@type":"PropertyValueSpecification","valueRequired":true,"valueName":"search_term_string"}}],"inLanguage":"es"},{"@type":"Organization","@id":"https:\/\/www.scrummanager.com\/blog\/#organization","name":"Scrum Manager","url":"https:\/\/www.scrummanager.com\/blog\/","logo":{"@type":"ImageObject","inLanguage":"es","@id":"https:\/\/www.scrummanager.com\/blog\/#\/schema\/logo\/image\/","url":"https:\/\/www.scrummanager.com\/blog\/wp-content\/uploads\/2017\/06\/logo_scrum_manager_900.png","contentUrl":"https:\/\/www.scrummanager.com\/blog\/wp-content\/uploads\/2017\/06\/logo_scrum_manager_900.png","width":900,"height":225,"caption":"Scrum Manager"},"image":{"@id":"https:\/\/www.scrummanager.com\/blog\/#\/schema\/logo\/image\/"},"sameAs":["https:\/\/www.facebook.com\/pages\/Scrum-Manager\/144889095527292","https:\/\/x.com\/ScrumManager","https:\/\/www.linkedin.com\/company-beta\/5013857","https:\/\/www.youtube.com\/user\/scrummanager"]},{"@type":"Person","@id":"https:\/\/www.scrummanager.com\/blog\/#\/schema\/person\/51b5c36503a85486c49c9ab2fcfd8370","name":"Marta Bern\u00e9","image":{"@type":"ImageObject","inLanguage":"es","@id":"https:\/\/secure.gravatar.com\/avatar\/a0af4775ad7a53a935596564c785142f0ad127074560cb3f982b5956bf1fb755?s=96&d=mm&r=g","url":"https:\/\/secure.gravatar.com\/avatar\/a0af4775ad7a53a935596564c785142f0ad127074560cb3f982b5956bf1fb755?s=96&d=mm&r=g","contentUrl":"https:\/\/secure.gravatar.com\/avatar\/a0af4775ad7a53a935596564c785142f0ad127074560cb3f982b5956bf1fb755?s=96&d=mm&r=g","caption":"Marta Bern\u00e9"},"url":"https:\/\/www.scrummanager.com\/blog\/author\/mberne\/"}]}},"_links":{"self":[{"href":"https:\/\/www.scrummanager.com\/blog\/wp-json\/wp\/v2\/posts\/4228","targetHints":{"allow":["GET"]}}],"collection":[{"href":"https:\/\/www.scrummanager.com\/blog\/wp-json\/wp\/v2\/posts"}],"about":[{"href":"https:\/\/www.scrummanager.com\/blog\/wp-json\/wp\/v2\/types\/post"}],"author":[{"embeddable":true,"href":"https:\/\/www.scrummanager.com\/blog\/wp-json\/wp\/v2\/users\/26"}],"replies":[{"embeddable":true,"href":"https:\/\/www.scrummanager.com\/blog\/wp-json\/wp\/v2\/comments?post=4228"}],"version-history":[{"count":16,"href":"https:\/\/www.scrummanager.com\/blog\/wp-json\/wp\/v2\/posts\/4228\/revisions"}],"predecessor-version":[{"id":4253,"href":"https:\/\/www.scrummanager.com\/blog\/wp-json\/wp\/v2\/posts\/4228\/revisions\/4253"}],"wp:featuredmedia":[{"embeddable":true,"href":"https:\/\/www.scrummanager.com\/blog\/wp-json\/wp\/v2\/media\/4250"}],"wp:attachment":[{"href":"https:\/\/www.scrummanager.com\/blog\/wp-json\/wp\/v2\/media?parent=4228"}],"wp:term":[{"taxonomy":"category","embeddable":true,"href":"https:\/\/www.scrummanager.com\/blog\/wp-json\/wp\/v2\/categories?post=4228"},{"taxonomy":"post_tag","embeddable":true,"href":"https:\/\/www.scrummanager.com\/blog\/wp-json\/wp\/v2\/tags?post=4228"}],"curies":[{"name":"wp","href":"https:\/\/api.w.org\/{rel}","templated":true}]}}